{"id":1895,"date":"2026-04-30T14:40:31","date_gmt":"2026-04-30T12:40:31","guid":{"rendered":"https:\/\/grofor.de\/?p=1895"},"modified":"2026-04-30T14:47:30","modified_gmt":"2026-04-30T12:47:30","slug":"110-jahre-branchenvertretung-zukunftstalk-mit-grofor-praesidenten-bjoern-meyer","status":"publish","type":"post","link":"https:\/\/grofor.de\/en\/news\/110-jahre-branchenvertretung-zukunftstalk-mit-grofor-praesidenten-bjoern-meyer\/","title":{"rendered":"110 Jahre Branchenvertretung &#8211; ZukunftsTalk mit Grofor-Pr\u00e4sidenten Bj\u00f6rn Meyer"},"content":{"rendered":"<p><style>\na {<br \/>\n    text-decoration: none;<br \/>\n    color: #464feb;<br \/>\n}<br \/>\ntr th, tr td {<br \/>\n    border: 1px solid #e6e6e6;<br \/>\n}<br \/>\ntr th {<br \/>\n    background-color: #f5f5f5;<br \/>\n}<br \/>\n<\/style>\n<\/p>\n<p><strong>Im Gespr\u00e4ch: Der Pr\u00e4sident des GROFOR e.V.<\/strong><\/p>\n<p>Der Grofor e.V. feiert 2026 sein 110-j\u00e4hriges Bestehen.<\/p>\n<p>\u00a0In einem aktuellen Video\u2011Interview gibt unser Pr\u00e4sident Bj\u00f6rn Meyer einen pers\u00f6nlichen und zugleich fundierten Einblick in die <strong>Werte, Verantwortung und strategische Ausrichtung unseres Verbandes<\/strong>. Er erl\u00e4utert, wof\u00fcr die GROFOR steht \u2013 als starke Stimme des Agrarhandels, als Impulsgeber und als verl\u00e4sslicher Partner in bewegten Zeiten.<\/p>\n<p>Dar\u00fcber hinaus ordnet er die <strong>aktuellen politischen Entwicklungen<\/strong> sowie die Ver\u00e4nderungen im <strong>internationalen Agrar- und Rohstoffhandel<\/strong> ein. Themen wie globale Marktbewegungen, regulatorische Rahmenbedingungen und die wachsenden Anforderungen an Nachhaltigkeit und Versorgungssicherheit stehen dabei im Fokus.<\/p>\n<p>Das Interview macht deutlich, welche Herausforderungen und Chancen vor dem Agrarhandel liegen \u2013 und wie der GROFOR seine Mitglieder dabei unterst\u00fctzt, diesen Wandel aktiv mitzugestalten.<\/p>\n<p>\u00a0 <img decoding=\"async\" src=\"https:\/\/img.icons8.com\/color\/1200\/youtube-play.jpg\" srcset=\"https:\/\/img.icons8.com\/?size=48&amp;id=19318&amp;format=png 1x, https:\/\/img.icons8.com\/?size=96&amp;id=19318&amp;format=png 2x\" alt=\"color style youtube icon\" width=\"48\" height=\"48\" data-image-id=\"19318\" data-v-ed83a599=\"\" \/> \u00a0<a style=\"font-size: 18px; background-color: #ffffff;\" href=\"https:\/\/www.youtube.com\/watch?v=Eo-PlK4Rs2Q\" target=\"_blank\" rel=\"noopener\">Jetzt ansehen und mehr \u00fcber die Haltung, Perspektiven und Ziele der GROFOR erfahren.<\/a><\/p>","protected":false},"excerpt":{"rendered":"<p>Im Gespr\u00e4ch: Der Pr\u00e4sident des GROFOR e.V. Der Grofor e.V. feiert 2026 sein 110-j\u00e4hriges Bestehen. \u00a0In einem aktuellen Video\u2011Interview gibt unser Pr\u00e4sident Bj\u00f6rn Meyer einen pers\u00f6nlichen und zugleich fundierten Einblick in die Werte, Verantwortung und strategische Ausrichtung unseres Verbandes. Er erl\u00e4utert, wof\u00fcr die GROFOR steht \u2013 als starke Stimme des Agrarhandels, als Impulsgeber und als [&hellip;]<\/p>\n","protected":false},"author":5,"featured_media":477,"comment_status":"closed","ping_status":"closed","sticky":false,"template":"","format":"standard","meta":{"_acf_changed":false,"site-sidebar-layout":"default","site-content-layout":"","ast-site-content-layout":"default","site-content-style":"default","site-sidebar-style":"default","ast-global-header-display":"","ast-banner-title-visibility":"","ast-main-header-display":"","ast-hfb-above-header-display":"","ast-hfb-below-header-display":"","ast-hfb-mobile-header-display":"","site-post-title":"","ast-breadcrumbs-content":"","ast-featured-img":"","footer-sml-layout":"","ast-disable-related-posts":"","theme-transparent-header-meta":"","adv-header-id-meta":"","stick-header-meta":"","header-above-stick-meta":"","header-main-stick-meta":"","header-below-stick-meta":"","astra-migrate-meta-layouts":"set","ast-page-background-enabled":"default","ast-page-background-meta":{"desktop":{"background-color":"","background-image":"","background-repeat":"repeat","background-position":"center center","background-size":"auto","background-attachment":"scroll","background-type":"","background-media":"","overlay-type":"","overlay-color":"","overlay-opacity":"","overlay-gradient":""},"tablet":{"background-color":"","background-image":"","background-repeat":"repeat","background-position":"center center","background-size":"auto","background-attachment":"scroll","background-type":"","background-media":"","overlay-type":"","overlay-color":"","overlay-opacity":"","overlay-gradient":""},"mobile":{"background-color":"","background-image":"","background-repeat":"repeat","background-position":"center center","background-size":"auto","background-attachment":"scroll","background-type":"","background-media":"","overlay-type":"","overlay-color":"","overlay-opacity":"","overlay-gradient":""}},"ast-content-background-meta":{"desktop":{"background-color":"var(--ast-global-color-5)","background-image":"","background-repeat":"repeat","background-position":"center center","background-size":"auto","background-attachment":"scroll","background-type":"","background-media":"","overlay-type":"","overlay-color":"","overlay-opacity":"","overlay-gradient":""},"tablet":{"background-color":"var(--ast-global-color-5)","background-image":"","background-repeat":"repeat","background-position":"center center","background-size":"auto","background-attachment":"scroll","background-type":"","background-media":"","overlay-type":"","overlay-color":"","overlay-opacity":"","overlay-gradient":""},"mobile":{"background-color":"var(--ast-global-color-5)","background-image":"","background-repeat":"repeat","background-position":"center center","background-size":"auto","background-attachment":"scroll","background-type":"","background-media":"","overlay-type":"","overlay-color":"","overlay-opacity":"","overlay-gradient":""}},"footnotes":""},"categories":[11],"tags":[],"class_list":["post-1895","post","type-post","status-publish","format-standard","has-post-thumbnail","hentry","category-news"],"acf":[],"_links":{"self":[{"href":"https:\/\/grofor.de\/en\/wp-json\/wp\/v2\/posts\/1895","targetHints":{"allow":["GET"]}}],"collection":[{"href":"https:\/\/grofor.de\/en\/wp-json\/wp\/v2\/posts"}],"about":[{"href":"https:\/\/grofor.de\/en\/wp-json\/wp\/v2\/types\/post"}],"author":[{"embeddable":true,"href":"https:\/\/grofor.de\/en\/wp-json\/wp\/v2\/users\/5"}],"replies":[{"embeddable":true,"href":"https:\/\/grofor.de\/en\/wp-json\/wp\/v2\/comments?post=1895"}],"version-history":[{"count":6,"href":"https:\/\/grofor.de\/en\/wp-json\/wp\/v2\/posts\/1895\/revisions"}],"predecessor-version":[{"id":1902,"href":"https:\/\/grofor.de\/en\/wp-json\/wp\/v2\/posts\/1895\/revisions\/1902"}],"wp:featuredmedia":[{"embeddable":true,"href":"https:\/\/grofor.de\/en\/wp-json\/wp\/v2\/media\/477"}],"wp:attachment":[{"href":"https:\/\/grofor.de\/en\/wp-json\/wp\/v2\/media?parent=1895"}],"wp:term":[{"taxonomy":"category","embeddable":true,"href":"https:\/\/grofor.de\/en\/wp-json\/wp\/v2\/categories?post=1895"},{"taxonomy":"post_tag","embeddable":true,"href":"https:\/\/grofor.de\/en\/wp-json\/wp\/v2\/tags?post=1895"}],"curies":[{"name":"wp","href":"https:\/\/api.w.org\/{rel}","templated":true}]}}